{"id":601,"date":"2024-08-04T20:09:13","date_gmt":"2024-08-04T18:09:13","guid":{"rendered":"http:\/\/taichi-leung.be\/site\/?p=601"},"modified":"2026-04-25T15:08:22","modified_gmt":"2026-04-25T13:08:22","slug":"la-rentree-2024-du-cercle","status":"publish","type":"post","link":"http:\/\/taichi-leung.be\/site\/index.php\/2024\/08\/04\/la-rentree-2024-du-cercle\/","title":{"rendered":"La rentr\u00e9e septembre 2024 du Cercle"},"content":{"rendered":"\n<p>Nous esp\u00e9rons que vous passez un bel \u00e9t\u00e9 en vous pr\u00e9parant pour la rentr\u00e9e du Cercle. En voici le d\u00e9tail : <\/p>\n\n\n\n<p>Lundi 2 septembre \u00e0 Tienen , 19h00 R\u00e9sidence\u00a0Les 2 Portes<\/p>\n\n\n\n<p>Mercredi 4 septembre  \u00e0 Jodoigne, 18h00 Ath\u00e9n\u00e9e Royal de Jodoigne<\/p>\n\n\n\n<p>Jeudi 5 septembre, \u00e0 Tienen, 13h00, Hal 4, Houtemveld ( d\u00e9butants )<\/p>\n\n\n\n<p>\u00a0 \u00a0 \u00a0 \u00a0 \u00a0 \u00a0 \u00a0 \u00a0 \u00a0 \u00a0 \u00a0 \u00a0 \u00a0 \u00a0 \u00a0 \u00a0 \u00a0 \u00a0 \u00a0 \u00a0 \u00a0 \u00a0 \u00a0 \u00a0 14h00, Hal 4 \u00a0Houtemveld ( anciens)<\/p>\n\n\n\n<p>Vendredi 6 septembre \u00e0 Jodoigne \u00e0 10h00 Plaine de la Gadale<\/p>\n\n\n\n<p>Samedi 7 septembre \u00e0 Hannut 9h30-10h45 (anciens)<\/p>\n\n\n\n<p>\u00a0 \u00a0 \u00a0 \u00a0 \u00a0 \u00a0 \u00a0 \u00a0 \u00a0 \u00a0 \u00a0 \u00a0 \u00a0 \u00a0 \u00a0 \u00a0 \u00a0 \u00a0 \u00a0 \u00a0 \u00a0 \u00a0\u00a0 \u00a0 \u00a0 10h45-11h30 (d\u00e9butants)<\/p>\n\n\n\n<p>Lundi 16 septembre \u00e0 Nieuwerkerken 10h00-11h00<\/p>\n\n\n\n<p>\u00a0 \u00a0 \u00a0 \u00a0 \u00a0 \u00a0 \u00a0 \u00a0 \u00a0 \u00a0 \u00a0 \u00a0 \u00a0 \u00a0 \u00a0 \u00a0 \u00a0 \u00a0 \u00a0 \u00a0 \u00a0 \u00a0 \u00a0 \u00a0 \u00a0 \u00a0 \u00a0 \u00a0 \u00a0 \u00a0 \u00a0 11h00-12h00<\/p>\n\n\n\n<p>\u00a0 \u00a0 \u00a0 \u00a0 \u00a0 \u00a0 \u00a0 \u00a0 \u00a0 \u00a0 \u00a0 \u00a0 \u00a0 \u00a0 \u00a0 \u00a0 \u00a0 \u00a0 \u00a0 \u00a0 \u00a0 \u00a0 \u00a0 \u00a0 \u00a0 \u00a0 \u00a0 \u00a0 \u00a0 \u00a0 \u00a0 12h15-12h15 (d\u00e9butants)<\/p>\n\n\n\n<p> <\/p>\n","protected":false},"excerpt":{"rendered":"<p>Nous esp\u00e9rons que vous passez un bel \u00e9t\u00e9 en vous pr\u00e9parant pour la rentr\u00e9e du Cercle. En voici le d\u00e9tail : Lundi 2 septembre \u00e0 Tienen , 19h00 R\u00e9sidence\u00a0Les 2 Portes Mercredi 4 septembre \u00e0 Jodoigne, 18h00 Ath\u00e9n\u00e9e Royal de Jodoigne Jeudi 5 septembre, \u00e0 Tienen, 13h00, Hal 4, Houtemveld &hellip; <\/p>\n","protected":false},"author":1,"featured_media":0,"comment_status":"closed","ping_status":"closed","sticky":false,"template":"","format":"standard","meta":{"footnotes":""},"categories":[1],"tags":[],"class_list":["post-601","post","type-post","status-publish","format-standard","hentry","category-non-classe"],"_links":{"self":[{"href":"http:\/\/taichi-leung.be\/site\/index.php\/wp-json\/wp\/v2\/posts\/601","targetHints":{"allow":["GET"]}}],"collection":[{"href":"http:\/\/taichi-leung.be\/site\/index.php\/wp-json\/wp\/v2\/posts"}],"about":[{"href":"http:\/\/taichi-leung.be\/site\/index.php\/wp-json\/wp\/v2\/types\/post"}],"author":[{"embeddable":true,"href":"http:\/\/taichi-leung.be\/site\/index.php\/wp-json\/wp\/v2\/users\/1"}],"replies":[{"embeddable":true,"href":"http:\/\/taichi-leung.be\/site\/index.php\/wp-json\/wp\/v2\/comments?post=601"}],"version-history":[{"count":2,"href":"http:\/\/taichi-leung.be\/site\/index.php\/wp-json\/wp\/v2\/posts\/601\/revisions"}],"predecessor-version":[{"id":605,"href":"http:\/\/taichi-leung.be\/site\/index.php\/wp-json\/wp\/v2\/posts\/601\/revisions\/605"}],"wp:attachment":[{"href":"http:\/\/taichi-leung.be\/site\/index.php\/wp-json\/wp\/v2\/media?parent=601"}],"wp:term":[{"taxonomy":"category","embeddable":true,"href":"http:\/\/taichi-leung.be\/site\/index.php\/wp-json\/wp\/v2\/categories?post=601"},{"taxonomy":"post_tag","embeddable":true,"href":"http:\/\/taichi-leung.be\/site\/index.php\/wp-json\/wp\/v2\/tags?post=601"}],"curies":[{"name":"wp","href":"https:\/\/api.w.org\/{rel}","templated":true}]}}